{"id":709,"date":"2023-09-04T11:23:52","date_gmt":"2023-09-04T11:23:52","guid":{"rendered":"http:\/\/www.alzheimer-guetersloh.de\/?p=709"},"modified":"2023-09-04T11:23:52","modified_gmt":"2023-09-04T11:23:52","slug":"welt-alzheimertag-2023-die-welt-steht-kopf","status":"publish","type":"post","link":"https:\/\/www.alzheimer-guetersloh.de\/?p=709","title":{"rendered":"Welt Alzheimertag 2023 Die Welt steht Kopf"},"content":{"rendered":"<p>Zum Welt Alzheimertag am 21.09.2023 bietet die Alzheimer Gesellschaft Kreis G\u00fctersloh e.V. um 15:00 Uhr einen Rundgang durch das LWL-Gel\u00e4nde an.<\/p>\n<p>Treffpunkt ist ab 14:45 Uhr an der Schranke (am Rondell) an der Buxelstra\u00dfe 50 am Haus 7, dort ist auch das Parken m\u00f6glich, au\u00dferdem ist dort auch eine Bushaltestelle.<\/p>\n<p>Der Gang erfolgt unter F\u00fchrung von Ulrich Werner, der zum Entstehen und zum Werdegang der \u00fcber 100 Jahre alten Klinik berichten kann. Man erf\u00e4hrt historisches \u00fcber die Funktion einer Psychiatrie, \u00fcber die Anlage der Klinik und deren Gr\u00f6\u00dfenordnung. Auch der erste Direktor, Hermann Simon mit der besonderen Behandlung der Patienten wird vorgestellt.<\/p>\n<p>Enden wird der Rundgang mit dem Besuch des Friedhofs, der zur Klinik geh\u00f6rt. Der Abschluss findet dann am Mahnmal f\u00fcr die deportierten Patienten und der Kreuzkirche statt.<\/p>\n<p>Der Rundgang wird ca. 90 Minuten dauern.<\/p>\n<p>Sie m\u00f6chten sich vorab informieren?<\/p>\n<p><a href=\"https:\/\/www.lwl.org\/marsLWL\/de\/instance\/ko\/LWL-Klinik-Guetersloh-Psychiatrie.xhtml?oid=111\"><img loading=\"lazy\" decoding=\"async\" class=\"alignleft size-medium wp-image-710\" src=\"http:\/\/www.alzheimer-guetersloh.de\/uploads\/05-9112-Die-Kliniken-des-LWL-300x298.jpg\" alt=\"\" width=\"300\" height=\"298\" srcset=\"https:\/\/www.alzheimer-guetersloh.de\/uploads\/05-9112-Die-Kliniken-des-LWL-300x298.jpg 300w, https:\/\/www.alzheimer-guetersloh.de\/uploads\/05-9112-Die-Kliniken-des-LWL-150x150.jpg 150w, https:\/\/www.alzheimer-guetersloh.de\/uploads\/05-9112-Die-Kliniken-des-LWL-90x90.jpg 90w, https:\/\/www.alzheimer-guetersloh.de\/uploads\/05-9112-Die-Kliniken-des-LWL-75x75.jpg 75w, https:\/\/www.alzheimer-guetersloh.de\/uploads\/05-9112-Die-Kliniken-des-LWL.jpg 360w\" sizes=\"auto, (max-width: 300px) 100vw, 300px\" \/><\/a><\/p>\n<p>&nbsp;<\/p>\n<p>&nbsp;<\/p>\n<p><a href=\"https:\/\/www.lwl.org\/marsLWL\/de\/instance\/ko\/LWL-Klinik-Guetersloh-Psychiatrie.xhtml?oid=111\">https:\/\/www.lwl.org\/marsLWL\/de\/instance\/ko\/LWL-Klinik-Guetersloh-Psychiatrie.xhtml?oid=111<\/a><\/p>\n","protected":false},"excerpt":{"rendered":"<p>Zum Welt Alzheimertag am 21.09.2023 bietet die Alzheimer Gesellschaft Kreis G\u00fctersloh e.V. um 15:00 Uhr einen Rundgang durch das LWL-Gel\u00e4nde an. Treffpunkt ist ab 14:45 Uhr an der Schranke (am Rondell) an der Buxelstra\u00dfe 50 am Haus 7, dort ist auch das Parken m\u00f6glich, au\u00dferdem ist dort auch eine Bushaltestelle. Der Gang erfolgt unter F\u00fchrung von Ulrich Werner, der zum<\/p>\n","protected":false},"author":3,"featured_media":0,"comment_status":"open","ping_status":"open","sticky":false,"template":"","format":"standard","meta":{"footnotes":""},"categories":[1],"tags":[],"class_list":["post-709","post","type-post","status-publish","format-standard","hentry","category-allgemein"],"_links":{"self":[{"href":"https:\/\/www.alzheimer-guetersloh.de\/index.php?rest_route=\/wp\/v2\/posts\/709","targetHints":{"allow":["GET"]}}],"collection":[{"href":"https:\/\/www.alzheimer-guetersloh.de\/index.php?rest_route=\/wp\/v2\/posts"}],"about":[{"href":"https:\/\/www.alzheimer-guetersloh.de\/index.php?rest_route=\/wp\/v2\/types\/post"}],"author":[{"embeddable":true,"href":"https:\/\/www.alzheimer-guetersloh.de\/index.php?rest_route=\/wp\/v2\/users\/3"}],"replies":[{"embeddable":true,"href":"https:\/\/www.alzheimer-guetersloh.de\/index.php?rest_route=%2Fwp%2Fv2%2Fcomments&post=709"}],"version-history":[{"count":2,"href":"https:\/\/www.alzheimer-guetersloh.de\/index.php?rest_route=\/wp\/v2\/posts\/709\/revisions"}],"predecessor-version":[{"id":712,"href":"https:\/\/www.alzheimer-guetersloh.de\/index.php?rest_route=\/wp\/v2\/posts\/709\/revisions\/712"}],"wp:attachment":[{"href":"https:\/\/www.alzheimer-guetersloh.de\/index.php?rest_route=%2Fwp%2Fv2%2Fmedia&parent=709"}],"wp:term":[{"taxonomy":"category","embeddable":true,"href":"https:\/\/www.alzheimer-guetersloh.de\/index.php?rest_route=%2Fwp%2Fv2%2Fcategories&post=709"},{"taxonomy":"post_tag","embeddable":true,"href":"https:\/\/www.alzheimer-guetersloh.de\/index.php?rest_route=%2Fwp%2Fv2%2Ftags&post=709"}],"curies":[{"name":"wp","href":"https:\/\/api.w.org\/{rel}","templated":true}]}}