{"id":243,"date":"2014-05-07T08:00:18","date_gmt":"2014-05-07T08:00:18","guid":{"rendered":"http:\/\/www.alzheimer-guetersloh.de\/?p=243"},"modified":"2014-05-07T08:07:54","modified_gmt":"2014-05-07T08:07:54","slug":"8-kongress-der-deutschen-alzheimer-gesellschaft-guetersloh-23-25-oktober-2014-demenz-jeder-kann-etwas-tun","status":"publish","type":"post","link":"http:\/\/www.alzheimer-guetersloh.de\/?p=243","title":{"rendered":"8. Kongress der Deutschen Alzheimer Gesellschaft, G\u00fctersloh, 23. \u2013 25. Oktober 2014: \u201eDemenz \u2013 jeder kann etwas tun\u201c"},"content":{"rendered":"<p>Der 8. Kongress der Deutschen Alzheimer Gesellschaft wird unter dem Motto \u201eDemenz \u2013 jeder kann etwas tun\u201c vom<strong> 23. bis 25. Oktober 2014 in G\u00fctersloh<\/strong> stattfinden. Der Kongress wendet sich an <strong>Menschen mit Demenz und deren Angeh\u00f6rige<\/strong>, an alle, die haupt- und ehrenamtlich in der Beratung, Betreuung, Pflege und Therapie t\u00e4tig sind, sowie alle, die sich informieren m\u00f6chten.\u00a0\u00a0\u00a0\u00a0\u00a0<\/p>\n<div id=\"attachment_248\" style=\"width: 235px\" class=\"wp-caption alignright\"><a href=\"http:\/\/www.alzheimer-guetersloh.de\/uploads\/Exilim-071.jpg\"><img loading=\"lazy\" decoding=\"async\" aria-describedby=\"caption-attachment-248\" class=\"size-medium wp-image-248\" src=\"http:\/\/www.alzheimer-guetersloh.de\/uploads\/Exilim-071-225x300.jpg\" alt=\"Heute leben in Deutschland etwa 1,4 Millionen Menschen mit Demenz\u00aderkrankungen. Ungef\u00e4hr zwei Drittel davon leiden an der Alzheimer-Demenz. Ihre Zahl wird bis 2050 auf 3 Millionen steigen, sofern kein Durchbruch in der Therapie gelingt. \" width=\"225\" height=\"300\" srcset=\"http:\/\/www.alzheimer-guetersloh.de\/uploads\/Exilim-071-225x300.jpg 225w, http:\/\/www.alzheimer-guetersloh.de\/uploads\/Exilim-071-e1400764064643-112x150.jpg 112w, http:\/\/www.alzheimer-guetersloh.de\/uploads\/Exilim-071-768x1024.jpg 768w\" sizes=\"auto, (max-width: 225px) 100vw, 225px\" \/><\/a><p id=\"caption-attachment-248\" class=\"wp-caption-text\">Heute leben in Deutschland etwa 1,4 Millionen Menschen mit Demenz\u00aderkrankungen. Ungef\u00e4hr zwei Drittel davon leiden an der Alzheimer-Demenz. Ihre Zahl wird bis 2050 auf 3 Millionen steigen, sofern kein Durchbruch in der Therapie gelingt.<\/p><\/div>\n<p>Heike von L\u00fctzau-Hohlbein, Vorsitzende der Deutschen Alzheimer Gesellschaft erl\u00e4uterte: \u201eMit dem Kongressmotto \u201aDemenz \u2013 jeder kann etwas tun\u2019 greifen wir den Kerngedanken der Selbsthilfe auf, der die vor knapp 25 Jahren gegr\u00fcndete Deutsche Alzheimer Gesellschaft und ihre Mitgliedsgesell\u00adschaften bewegt. Damals haben Angeh\u00f6rige, gemeinsam mit Partnern aus Wissenschaft, Medizin, Pflege und Therapie sich aufgemacht, Unterst\u00fctzung f\u00fcr Demenzkranke und ihre Familien zu organisieren und die \u00d6ffentlichkeit zu sensibilisieren. Die Erfahrung zeigt: Gemeinsam kann es gelingen, das Leben f\u00fcr Menschen mit Demenz und ihre Familien lebenswerter zu machen.\u201c<\/p>\n<p>Themen der Plenarvortr\u00e4ge, Symposien und Workshops sind u.a. Diagnose und Behandlung von Demenzerkrankungen; Leben von Menschen mit Demenz in der Gesellschaft; Gesundheitspolitik; Leben, Wohnen, Pflegen in der Kommune; Demenzkranke in Heimen, Wohngemeinschaften und Krankenh\u00e4usern; Unterst\u00fctzung durch Technik; Bewegung, Sport und Kreativit\u00e4t als Therapie; Unterst\u00fctzung von Angeh\u00f6rigen.\u00a0\u00a0\u00a0<\/p>\n<p><strong>8. Kongress der Deutschen Alzheimer Gesellschaft:<\/strong> \u201eDemenz \u2013 jeder kann etwas tun\u201c, G\u00fctersloh, 23. bis 25. Oktober 2014. Informationen, Registrierung, Anmeldung von Referaten (Abstracts) im Internet: <a href=\"http:\/\/www.demenz-kongress.de\/\">www.demenz-kongress.de<\/a> .<\/p>\n<p><strong>Akkreditierung von Medienvertretern:<\/strong> <a href=\"http:\/\/www.demenz-kongress.de\/\">www.demenz-kongress.de<\/a>. Die Presse\u00adkonferenz findet Donnerstag, den 23. Oktober 2014, von 12.30 bis 13.30 Uhr statt.\u00a0<\/p>\n<p>Kontakt<\/p>\n<p>Deutsche Alzheimer Gesellschaft e.V. Selbsthilfe Demenz<br \/>\nHans-J\u00fcrgen Freter<br \/>\nFriedrichstra\u00dfe 236, 10969 Berlin<br \/>\nTel. 030 \/ 259 37 95 \u2013 0, Fax: 030 \/ 259 37 95-29<br \/>\nE-Mail: info[at]deutsche-alzheimer.de, Internet: <a href=\"http:\/\/www.deutsche-alzheimer.de\/\">www.deutsche-alzheimer.de<\/a><\/p>\n<p>&nbsp;<\/p>\n<p><!--\n\n\n\n<hr class=\"cl-right\" \/>\n\n--><\/p>\n","protected":false},"excerpt":{"rendered":"<p>Der 8. Kongress der Deutschen Alzheimer Gesellschaft wird unter dem Motto \u201eDemenz \u2013 jeder kann etwas tun\u201c vom 23. bis 25. Oktober 2014 in G\u00fctersloh stattfinden. Der Kongress wendet sich an Menschen mit Demenz und deren Angeh\u00f6rige, an alle, die haupt- und ehrenamtlich in der Beratung, Betreuung, Pflege und Therapie t\u00e4tig sind, sowie alle, die sich informieren m\u00f6chten.\u00a0\u00a0\u00a0\u00a0\u00a0 Heike von<\/p>\n","protected":false},"author":3,"featured_media":0,"comment_status":"open","ping_status":"open","sticky":false,"template":"","format":"standard","meta":{"footnotes":""},"categories":[1],"tags":[],"class_list":["post-243","post","type-post","status-publish","format-standard","hentry","category-allgemein"],"_links":{"self":[{"href":"http:\/\/www.alzheimer-guetersloh.de\/index.php?rest_route=\/wp\/v2\/posts\/243","targetHints":{"allow":["GET"]}}],"collection":[{"href":"http:\/\/www.alzheimer-guetersloh.de\/index.php?rest_route=\/wp\/v2\/posts"}],"about":[{"href":"http:\/\/www.alzheimer-guetersloh.de\/index.php?rest_route=\/wp\/v2\/types\/post"}],"author":[{"embeddable":true,"href":"http:\/\/www.alzheimer-guetersloh.de\/index.php?rest_route=\/wp\/v2\/users\/3"}],"replies":[{"embeddable":true,"href":"http:\/\/www.alzheimer-guetersloh.de\/index.php?rest_route=%2Fwp%2Fv2%2Fcomments&post=243"}],"version-history":[{"count":5,"href":"http:\/\/www.alzheimer-guetersloh.de\/index.php?rest_route=\/wp\/v2\/posts\/243\/revisions"}],"predecessor-version":[{"id":249,"href":"http:\/\/www.alzheimer-guetersloh.de\/index.php?rest_route=\/wp\/v2\/posts\/243\/revisions\/249"}],"wp:attachment":[{"href":"http:\/\/www.alzheimer-guetersloh.de\/index.php?rest_route=%2Fwp%2Fv2%2Fmedia&parent=243"}],"wp:term":[{"taxonomy":"category","embeddable":true,"href":"http:\/\/www.alzheimer-guetersloh.de\/index.php?rest_route=%2Fwp%2Fv2%2Fcategories&post=243"},{"taxonomy":"post_tag","embeddable":true,"href":"http:\/\/www.alzheimer-guetersloh.de\/index.php?rest_route=%2Fwp%2Fv2%2Ftags&post=243"}],"curies":[{"name":"wp","href":"https:\/\/api.w.org\/{rel}","templated":true}]}}