{"id":169,"date":"2012-05-10T09:39:17","date_gmt":"2012-05-10T09:39:17","guid":{"rendered":"http:\/\/www.alzheimer-guetersloh.de\/?p=169"},"modified":"2012-05-10T09:39:17","modified_gmt":"2012-05-10T09:39:17","slug":"viel-los-im-alzheimer-cafe","status":"publish","type":"post","link":"http:\/\/www.alzheimer-guetersloh.de\/?p=169","title":{"rendered":"Viel Los im Alzheimer Cafe !"},"content":{"rendered":"<p>Der Einladung der Alzheimer Gesellschaft Kreis G\u00fctersloh folgten zahlreiche Besucher, so dass Frau Brinkmann und Frau Werner mit den Besuchern und Besucherinnen sehr schnell alle H\u00e4nde voll zu tun hatten!<\/p>\n<p>Das Thema mit Bewegung und Musik bei Menschen mit Demenz Erinnerungen\u00a0 an Lieder und Bewegungen aus der Vergangenheit zu aktivieren ist gut angenommen worden und allle Teilnehmerinnen und Teilnehmer hatten sichtlich Spass an diesem Nachmittag.\u00a0<\/p>\n<p>Tanzen ist eine Form der k\u00f6rperlichen Aktivit\u00e4t, die vielen Menschen Freude macht. Die Verbindung von fr\u00f6hlicher Musik und ungezwungenen rhythmischen Bewegungen erzeugt gute Laune und k\u00f6rperliches Wohlbefinden. Dies gilt auch f\u00fcr Menschen mit Demenz, die im Tanz oft l\u00e4ngst verloren geglaubte F\u00e4higkeiten wieder aktivieren k\u00f6nnen.<\/p>\n<p>Das Alzheimer Caf\u00e9\u00a0 l\u00e4dt an jedem 2. Dienstag im Monat zum Besuch ein. Schauen Sie doch einfach mal rein!\n\t\t<style type=\"text\/css\">\n\t\t\t#gallery-1 {\n\t\t\t\tmargin: auto;\n\t\t\t}\n\t\t\t#gallery-1 .gallery-item {\n\t\t\t\tfloat: left;\n\t\t\t\tmargin-top: 10px;\n\t\t\t\ttext-align: center;\n\t\t\t\twidth: 33%;\n\t\t\t}\n\t\t\t#gallery-1 img {\n\t\t\t\tborder: 2px solid #cfcfcf;\n\t\t\t}\n\t\t\t#gallery-1 .gallery-caption {\n\t\t\t\tmargin-left: 0;\n\t\t\t}\n\t\t\t\/* see gallery_shortcode() in wp-includes\/media.php *\/\n\t\t<\/style>\n\t\t<div id='gallery-1' class='gallery galleryid-169 gallery-columns-3 gallery-size-thumbnail'><dl class='gallery-item'>\n\t\t\t<dt class='gallery-icon landscape'>\n\t\t\t\t<a href='http:\/\/www.alzheimer-guetersloh.de\/?attachment_id=170'><img loading=\"lazy\" decoding=\"async\" width=\"150\" height=\"150\" src=\"http:\/\/www.alzheimer-guetersloh.de\/uploads\/Img_1512-150x150.jpg\" class=\"attachment-thumbnail size-thumbnail\" alt=\"\" \/><\/a>\n\t\t\t<\/dt><\/dl><dl class='gallery-item'>\n\t\t\t<dt class='gallery-icon landscape'>\n\t\t\t\t<a href='http:\/\/www.alzheimer-guetersloh.de\/?attachment_id=171'><img loading=\"lazy\" decoding=\"async\" width=\"150\" height=\"150\" src=\"http:\/\/www.alzheimer-guetersloh.de\/uploads\/Img_1604-150x150.jpg\" class=\"attachment-thumbnail size-thumbnail\" alt=\"\" \/><\/a>\n\t\t\t<\/dt><\/dl>\n\t\t\t<br style='clear: both' \/>\n\t\t<\/div>\n<\/p>\n","protected":false},"excerpt":{"rendered":"<p>Der Einladung der Alzheimer Gesellschaft Kreis G\u00fctersloh folgten zahlreiche Besucher, so dass Frau Brinkmann und Frau Werner mit den Besuchern und Besucherinnen sehr schnell alle H\u00e4nde voll zu tun hatten! Das Thema mit Bewegung und Musik bei Menschen mit Demenz Erinnerungen\u00a0 an Lieder und Bewegungen aus der Vergangenheit zu aktivieren ist gut angenommen worden und allle Teilnehmerinnen und Teilnehmer hatten<\/p>\n","protected":false},"author":3,"featured_media":0,"comment_status":"open","ping_status":"open","sticky":false,"template":"","format":"standard","meta":{"footnotes":""},"categories":[1],"tags":[],"class_list":["post-169","post","type-post","status-publish","format-standard","hentry","category-allgemein"],"_links":{"self":[{"href":"http:\/\/www.alzheimer-guetersloh.de\/index.php?rest_route=\/wp\/v2\/posts\/169","targetHints":{"allow":["GET"]}}],"collection":[{"href":"http:\/\/www.alzheimer-guetersloh.de\/index.php?rest_route=\/wp\/v2\/posts"}],"about":[{"href":"http:\/\/www.alzheimer-guetersloh.de\/index.php?rest_route=\/wp\/v2\/types\/post"}],"author":[{"embeddable":true,"href":"http:\/\/www.alzheimer-guetersloh.de\/index.php?rest_route=\/wp\/v2\/users\/3"}],"replies":[{"embeddable":true,"href":"http:\/\/www.alzheimer-guetersloh.de\/index.php?rest_route=%2Fwp%2Fv2%2Fcomments&post=169"}],"version-history":[{"count":3,"href":"http:\/\/www.alzheimer-guetersloh.de\/index.php?rest_route=\/wp\/v2\/posts\/169\/revisions"}],"predecessor-version":[{"id":174,"href":"http:\/\/www.alzheimer-guetersloh.de\/index.php?rest_route=\/wp\/v2\/posts\/169\/revisions\/174"}],"wp:attachment":[{"href":"http:\/\/www.alzheimer-guetersloh.de\/index.php?rest_route=%2Fwp%2Fv2%2Fmedia&parent=169"}],"wp:term":[{"taxonomy":"category","embeddable":true,"href":"http:\/\/www.alzheimer-guetersloh.de\/index.php?rest_route=%2Fwp%2Fv2%2Fcategories&post=169"},{"taxonomy":"post_tag","embeddable":true,"href":"http:\/\/www.alzheimer-guetersloh.de\/index.php?rest_route=%2Fwp%2Fv2%2Ftags&post=169"}],"curies":[{"name":"wp","href":"https:\/\/api.w.org\/{rel}","templated":true}]}}